{"id":1543,"date":"2022-03-31T07:11:29","date_gmt":"2022-03-31T07:11:29","guid":{"rendered":"https:\/\/lycnos.com\/colonna\/?p=1543"},"modified":"2026-04-24T14:53:15","modified_gmt":"2026-04-24T14:53:15","slug":"column-metropolitan-beauty-makers-interviews-her-customers-vanessa","status":"publish","type":"post","link":"https:\/\/www.colonna-mbm.it\/en\/interviste\/colonna-metropolitan-beauty-makers-intervista-le-sue-clienti-vanessa\/","title":{"rendered":"COLONNA Metropolitan Beauty Makers interviews its customers: Vanessa"},"content":{"rendered":"\n<style type=\"text\/css\" data-created_by=\"avia_inline_auto\" id=\"style-css-av-lfb3r8ww-dfa1c74714bfb37872885e4595856072\">\n.avia-section.av-lfb3r8ww-dfa1c74714bfb37872885e4595856072{\nbackground-color:#e6e6df;\nbackground-image:unset;\n}\n<\/style>\n<div id='av_section_1'  class='avia-section av-lfb3r8ww-dfa1c74714bfb37872885e4595856072 main_color avia-section-default avia-no-border-styling  avia-builder-el-0  el_before_av_textblock  avia-builder-el-first  avia-bg-style-scroll container_wrap sidebar_left'  ><div class='container av-section-cont-open' ><main  role=\"main\" itemprop=\"mainContentOfPage\"  class='template-page content  av-content-small units'><div class='post-entry post-entry-type-page post-entry-1543'><div class='entry-content-wrapper clearfix'>\n\n<style type=\"text\/css\" data-created_by=\"avia_inline_auto\" id=\"style-css-av-lfb3spb7-7e727363151ec60fd4ad771eebd3ea76\">\n#top .hr.hr-invisible.av-lfb3spb7-7e727363151ec60fd4ad771eebd3ea76{\nheight:50px;\n}\n<\/style>\n<div  class='hr av-lfb3spb7-7e727363151ec60fd4ad771eebd3ea76 hr-invisible  avia-builder-el-1  el_before_av_textblock  avia-builder-el-first '><span class='hr-inner '><span class=\"hr-inner-style\"><\/span><\/span><\/div>\n\n<style type=\"text\/css\" data-created_by=\"avia_inline_auto\" id=\"style-css-av-lfb3p8jj-6162f1402ef8bbff33af7f55d4d9ef1d\">\n#top .av_textblock_section.av-lfb3p8jj-6162f1402ef8bbff33af7f55d4d9ef1d .avia_textblock{\ncolor:#000000;\n}\n<\/style>\n<section  class='av_textblock_section av-lfb3p8jj-6162f1402ef8bbff33af7f55d4d9ef1d '   itemscope=\"itemscope\" itemtype=\"https:\/\/schema.org\/BlogPosting\" itemprop=\"blogPost\" ><div class='avia_textblock av_inherit_color'  itemprop=\"text\" ><h1>COLONNA Metropolitan Beauty Makers intervista le sue clienti: Vanessa<\/h1>\n<\/div><\/section>\n\n<style type=\"text\/css\" data-created_by=\"avia_inline_auto\" id=\"style-css-av-2vjy29-5fe80516a42437685d26c1923bf0d74d\">\n#top .hr.hr-invisible.av-2vjy29-5fe80516a42437685d26c1923bf0d74d{\nheight:50px;\n}\n<\/style>\n<div  class='hr av-2vjy29-5fe80516a42437685d26c1923bf0d74d hr-invisible  avia-builder-el-3  el_after_av_textblock  avia-builder-el-last '><span class='hr-inner '><span class=\"hr-inner-style\"><\/span><\/span><\/div>\n<\/div><\/div><\/main><!-- close content main element --><\/div><\/div><div id='after_section_1'  class='main_color av_default_container_wrap container_wrap sidebar_left'  ><div class='container av-section-cont-open' ><div class='template-page content  av-content-small units'><div class='post-entry post-entry-type-page post-entry-1543'><div class='entry-content-wrapper clearfix'>\n<section  class='av_textblock_section av-lfb446fk-4261e1600673a428aff741ff1f4adcee '   itemscope=\"itemscope\" itemtype=\"https:\/\/schema.org\/BlogPosting\" itemprop=\"blogPost\" ><div class='avia_textblock'  itemprop=\"text\" ><p>Milano, 31 Marzo 2022<\/p>\n<\/div><\/section>\n\n<style type=\"text\/css\" data-created_by=\"avia_inline_auto\" id=\"style-css-av-lfjvos2k-cb87611db0dbabed17d5c16144a2ad12\">\n#top .hr.av-lfjvos2k-cb87611db0dbabed17d5c16144a2ad12{\nmargin-top:-20px;\nmargin-bottom:1px;\n}\n.hr.av-lfjvos2k-cb87611db0dbabed17d5c16144a2ad12 .hr-inner{\nwidth:100%;\nborder-color:#b69f59;\n}\n<\/style>\n<div  class='hr av-lfjvos2k-cb87611db0dbabed17d5c16144a2ad12 hr-custom  avia-builder-el-5  el_after_av_textblock  el_before_av_textblock  hr-center hr-icon-no'><span class='hr-inner inner-border-av-border-fat'><span class=\"hr-inner-style\"><\/span><\/span><\/div>\n<section  class='av_textblock_section av-lf575kdm-d65c3c48e7f1866f6f657f33c33e444c '   itemscope=\"itemscope\" itemtype=\"https:\/\/schema.org\/BlogPosting\" itemprop=\"blogPost\" ><div class='avia_textblock'  itemprop=\"text\" ><p><a href=\"https:\/\/i0.wp.com\/www.colonna-mbm.it.com\/wp-content\/uploads\/2023\/03\/intervista_coppi_vanessa21.jpg?ssl=1\"><img data-recalc-dims=\"1\" decoding=\"async\" class=\"aligncenter wp-image-506 size-full\" src=\"https:\/\/i0.wp.com\/www.colonna-mbm.it\/wp-content\/uploads\/2023\/03\/intervista_coppi_vanessa21.jpg?resize=1500%2C1125&#038;ssl=1\" alt=\"\" width=\"1500\" height=\"1125\" srcset=\"https:\/\/i0.wp.com\/www.colonna-mbm.it\/wp-content\/uploads\/2023\/03\/intervista_coppi_vanessa21.jpg?w=2016&amp;ssl=1 2016w, https:\/\/i0.wp.com\/www.colonna-mbm.it\/wp-content\/uploads\/2023\/03\/intervista_coppi_vanessa21.jpg?resize=600%2C450&amp;ssl=1 600w, https:\/\/i0.wp.com\/www.colonna-mbm.it\/wp-content\/uploads\/2023\/03\/intervista_coppi_vanessa21.jpg?resize=300%2C225&amp;ssl=1 300w, https:\/\/i0.wp.com\/www.colonna-mbm.it\/wp-content\/uploads\/2023\/03\/intervista_coppi_vanessa21.jpg?resize=1030%2C773&amp;ssl=1 1030w, https:\/\/i0.wp.com\/www.colonna-mbm.it\/wp-content\/uploads\/2023\/03\/intervista_coppi_vanessa21.jpg?resize=768%2C576&amp;ssl=1 768w, https:\/\/i0.wp.com\/www.colonna-mbm.it\/wp-content\/uploads\/2023\/03\/intervista_coppi_vanessa21.jpg?resize=1536%2C1152&amp;ssl=1 1536w, https:\/\/i0.wp.com\/www.colonna-mbm.it\/wp-content\/uploads\/2023\/03\/intervista_coppi_vanessa21.jpg?resize=16%2C12&amp;ssl=1 16w, https:\/\/i0.wp.com\/www.colonna-mbm.it\/wp-content\/uploads\/2023\/03\/intervista_coppi_vanessa21.jpg?resize=1500%2C1125&amp;ssl=1 1500w, https:\/\/i0.wp.com\/www.colonna-mbm.it\/wp-content\/uploads\/2023\/03\/intervista_coppi_vanessa21.jpg?resize=705%2C529&amp;ssl=1 705w, https:\/\/i0.wp.com\/www.colonna-mbm.it\/wp-content\/uploads\/2023\/03\/intervista_coppi_vanessa21.jpg?resize=450%2C338&amp;ssl=1 450w\" sizes=\"(max-width: 1500px) 100vw, 1500px\" \/><\/a><\/p>\n<\/div><\/section>\n<section  class='av_textblock_section av-lf574tln-c06a37df9d7dc48e17bf0260d696530f '   itemscope=\"itemscope\" itemtype=\"https:\/\/schema.org\/BlogPosting\" itemprop=\"blogPost\" ><div class='avia_textblock'  itemprop=\"text\" ><p>Un nuovo appuntamento con le interviste in salone, dove tra una piega e un colore amiamo conoscere le nostre clienti, parlare e confrontarci con loro di <strong>moda, stile, bellezza<\/strong> e tutto ci\u00f2 che da <strong>COLONNA Metropolitan Beauty Makers<\/strong> valorizziamo per loro ogni giorno.<\/p>\n<p>Oggi intervistiamo <strong>Vanessa<\/strong>, una delle nostre pi\u00f9 care clienti, che ha accettato di farsi intervistare e conoscere con la cortesia e gentilezza che l\u2019hanno sempre contraddistinta.<\/p>\n<hr \/>\n<p><strong>Ciao Vanessa, raccontaci qualcosa di te\u2026come \u00e8 organizzata la tua giornata?<\/strong><\/p>\n<p>Sveglia alle 7, colazione, porto mio figlio (il pi\u00f9 giovane) a scuola e poi subito in studio\u2026verso pranzo esco dallo studio, torno a prendere mio figlio a scuola, giusto il tempo di passare a fare la spesa e poi\u2026beh, torno in studio fino a sera! Ogni giornata \u00e8 abbastanza frenetica, anzi\u2026molto frenetica!<\/p>\n<p><strong>Come ti descriveresti se dovessi usare tre parole?<\/strong><\/p>\n<p>Bella domanda, anche un po\u2019 difficile\u2026 mi definisco positiva, abbastanza solare \u2013 perch\u00e9 sorrido spesso e poi \u2026 sono una testona!<\/p>\n<p><strong>Milano per te \u00e8\u2026?<\/strong><\/p>\n<p>\u00c8 la mia seconda casa, la prima, \u00e8 Roma, da dove provengo\u2026ma ormai per me Milano \u00e8 come una seconda casa a tutti gli effetti.<\/p>\n<p><strong>Quali sono i tuoi luoghi preferiti di Milano?<\/strong><\/p>\n<p>Mi piace molto la Vigna di Leonardo, Santa Maria delle Grazie e poi\u2026adesso mi piace un po\u2019 tutta: i tavolini all\u2019aperto, i ristoranti, c\u2019\u00e8 tanta vita ed \u00e8 bello rivederla cos\u00ec, \u00e8 davvero pi\u00f9 bella rivederla cos\u00ec viva dopo quello che abbiamo passato.<\/p>\n<p><strong>Per te \u201cglamour\u201d \u00e8\u2026?<\/strong><\/p>\n<p>Beh, non saprei\u2026non mi definirei una persona molto \u201cglamour\u201d. Per me \u201cglam\u201d \u00e8 tutto ci\u00f2 che \u00e8 lurex, che sberluscica, come dicono a Milano.<\/p>\n<p><strong>Come descriveresti il tuo stile?<\/strong><\/p>\n<p>Cambio spesso\u2026di sicuro non ho uno stile definibile \u201cclassico\u201d.<\/p>\n<p><strong>Cosa aggiungeresti alla tua giornata tipo o alla tua routine?<\/strong><\/p>\n<p>Mi piacerebbe molto fare un po\u2019 di sport, un po\u2019 di movimento\u2026ma non ce la faccio, mi manca semplicemente il tempo! Ecco, dovessi aggiungere qualcosa alla giornata aggiungerei\u2026pi\u00f9 ore!<\/p>\n<p><strong>Come vivi i tuoi capelli nel quotidiano?<\/strong><\/p>\n<p>Appena mi sveglio esco senza nemmeno pettinarmi! Per fortuna posso venire qua da voi, direi che solo qua li vivo davvero.<\/p>\n<p><strong>E allora, raccontaci un momento che ricordi con piacere in salone\u2026.<\/strong><\/p>\n<p>Davvero tutti\u2026vengo qui, mi siedo, mi rilasso, \u00e8 sempre un piacere: dal massaggio iniziale alle risate in salone: mi piace davvero tutta l\u2019atmosfera che si respira.<\/p>\n<p><strong>Un giorno o un momento speciale legato a una tua acconciatura?<\/strong><\/p>\n<p>Quando vengo da voi \u00e8 sempre un momento piacevole! Ho poco tempo per trattare al meglio i miei capelli a casa, per cui quando vengo qui\u2026\u00e8 sempre bellissimo [sorride].<\/p>\n<p><strong>Ci sono prodotti che utilizziamo in salone che ami particolarmente?<\/strong><\/p>\n<p>Assolutamente s\u00ec, alcuni di Redken, ma quelli K\u00e9rastase utilizzati nei trattamenti mi piacciono davvero molto.<\/p>\n<p><strong>Come descriveresti il nostro salone?<\/strong><\/p>\n<p>Ci sarebbero davvero tanti aggettivi! Sicuramente vivace, frizzante, allegro, accogliente\u2026<\/p>\n<p><strong>Qual \u00e8 l\u2019occasione per cui non puoi rinunciare a un appuntamento nel nostro salone?<\/strong><\/p>\n<p>Non c\u2019\u00e8 bisogno dell\u2019occasione! Appena posso, vengo da voi\u2026<\/p>\n<p><strong>Quale servizio vorresti in un salone di bellezza\u2026che ancora non \u00e8 stato inventato?<\/strong><\/p>\n<p>L\u2019aperitivo in salone! [ride]<\/p>\n<p><strong>Come coniughi gli impegni di famiglia lavoro e tempo libero con la cura dei tuoi capelli nel quotidiano?<\/strong><\/p>\n<p>Nel quotidiano non riesco proprio\u2026.diciamo che mi \u201cinserisco\u201d qui e basta!<\/p>\n<p><strong>Cos\u2019\u00e8 per te la bellezza?<\/strong><\/p>\n<p>Armonia: equilibrio, anche particolari e personali.<\/p>\n<p><strong>Cosa significa per te sentirsi a proprio agio e sentire la propria bellezza?<\/strong><\/p>\n<p>Io mi sento a mio agio quando sono diciamo \u201cin forma\u201d, anche fisicamente e esteriormente: una bella piega pu\u00f2 farci sentire pi\u00f9 a nostro agio.<\/p>\n<p><strong>Un momento in cui hai sentito di essere pi\u00f9 bella?<\/strong><\/p>\n<p>Difficile\u2026non saprei.<\/p>\n<p><strong>A quale donna ti ispiri o ammiri per la sua bellezza?<\/strong><\/p>\n<p>Ce ne sono tante: da Madonna a Jennifer Aniston o Jennifer Lopez, hanno una bellezza straordinaria e di grande impatto\u2026ma mi piacciono anche le donne con uno stile pi\u00f9 sofisticato, mi piacciono moltissimo: Laura Morante, Cate Blanchett o la Juliette Binoche.<\/p>\n<p><strong>Tralasciando la propria bellezza\u2026a cosa pensi, oggi, non potrebbe mai riuscire a rinunciare una donna?<\/strong><\/p>\n<p>All\u2019ironia e alla leggerezza. Anzi, ironia e leggerezza riescono ad amplificare la bellezza di una donna, soprattutto l\u2019autoironia. E il sorriso: ridere e sorridere\u2026tanto!<\/p>\n<p><strong>Grazie mille Vanessa per questa intervista, alla prossima.<\/strong><\/p>\n<p>Grazie a voi, \u00e8 stato molto divertente e siete stati come sempre gentilissimi [sorride].<\/p>\n<\/div><\/section>\n\n<style type=\"text\/css\" data-created_by=\"avia_inline_auto\" id=\"style-css-av-lfjvyrq0-1e4e42e4b49ad98366c958e7146ab54e\">\n#top .hr.av-lfjvyrq0-1e4e42e4b49ad98366c958e7146ab54e{\nmargin-top:1px;\nmargin-bottom:1px;\n}\n.hr.av-lfjvyrq0-1e4e42e4b49ad98366c958e7146ab54e .hr-inner{\nwidth:100%;\nborder-color:#b69f59;\n}\n<\/style>\n<div  class='hr av-lfjvyrq0-1e4e42e4b49ad98366c958e7146ab54e hr-custom  avia-builder-el-8  el_after_av_textblock  el_before_av_social_share  hr-center hr-icon-no'><span class='hr-inner inner-border-av-border-thin'><span class=\"hr-inner-style\"><\/span><\/span><\/div>\n<div  class='av-social-sharing-box av-lfb61g01-3d603e19b11f8f27c8a43d84ec24c427 av-social-sharing-box-icon-simple  avia-builder-el-9  el_after_av_hr  el_before_av_hr  av-social-sharing-box-same-width'><div class=\"av-share-box\"><ul class=\"av-share-box-list noLightbox\"><li class='av-share-link av-social-link-facebook avia_social_iconfont' ><a target=\"_blank\" aria-label=\"Share on Facebook\" href='https:\/\/www.facebook.com\/sharer.php?u=https:\/\/www.colonna-mbm.it\/en\/interviste\/colonna-metropolitan-beauty-makers-intervista-le-sue-clienti-vanessa\/&#038;t=COLONNA%20Metropolitan%20Beauty%20Makers%20intervista%20le%20sue%20clienti%3A%20Vanessa' data-av_icon='\ue8f3' data-av_iconfont='entypo-fontello'  title='' data-avia-related-tooltip='Share on Facebook'><span class='avia_hidden_link_text'>Share on Facebook<\/span><\/a><\/li><li class='av-share-link av-social-link-twitter avia_social_iconfont' ><a target=\"_blank\" aria-label=\"Share on X\" href='https:\/\/twitter.com\/share?text=COLONNA%20Metropolitan%20Beauty%20Makers%20intervista%20le%20sue%20clienti%3A%20Vanessa&#038;url=https:\/\/www.colonna-mbm.it\/en\/?p=1543' data-av_icon='\ue932' data-av_iconfont='entypo-fontello'  title='' data-avia-related-tooltip='Share on X'><span class='avia_hidden_link_text'>Share on X<\/span><\/a><\/li><li class='av-share-link av-social-link-whatsapp avia_social_iconfont' ><a target=\"_blank\" aria-label=\"Share on WhatsApp\" href='https:\/\/api.whatsapp.com\/send?text=https:\/\/www.colonna-mbm.it\/en\/interviste\/colonna-metropolitan-beauty-makers-intervista-le-sue-clienti-vanessa\/' data-av_icon='\uf232' data-av_iconfont='entypo-fontello'  title='' data-avia-related-tooltip='Share on WhatsApp'><span class='avia_hidden_link_text'>Share on WhatsApp<\/span><\/a><\/li><li class='av-share-link av-social-link-linkedin avia_social_iconfont' ><a target=\"_blank\" aria-label=\"Share on LinkedIn\" href='https:\/\/linkedin.com\/shareArticle?mini=true&#038;title=COLONNA%20Metropolitan%20Beauty%20Makers%20intervista%20le%20sue%20clienti%3A%20Vanessa&#038;url=https:\/\/www.colonna-mbm.it\/en\/interviste\/colonna-metropolitan-beauty-makers-intervista-le-sue-clienti-vanessa\/' data-av_icon='\ue8fc' data-av_iconfont='entypo-fontello'  title='' data-avia-related-tooltip='Share on LinkedIn'><span class='avia_hidden_link_text'>Share on LinkedIn<\/span><\/a><\/li><li class='av-share-link av-social-link-mail avia_social_iconfont' ><a  aria-label=\"Share by Mail\" href='mailto:?subject=COLONNA%20Metropolitan%20Beauty%20Makers%20intervista%20le%20sue%20clienti%3A%20Vanessa&#038;body=https:\/\/www.colonna-mbm.it\/en\/interviste\/colonna-metropolitan-beauty-makers-intervista-le-sue-clienti-vanessa\/' data-av_icon='\ue805' data-av_iconfont='entypo-fontello'  title='' data-avia-related-tooltip='Share by Mail'><span class='avia_hidden_link_text'>Share by Mail<\/span><\/a><\/li><\/ul><\/div><\/div>\n\n<style type=\"text\/css\" data-created_by=\"avia_inline_auto\" id=\"style-css-av-lfb9p014-f5ba3441f024e3c99cb1a0d24535bed7\">\n#top .hr.hr-invisible.av-lfb9p014-f5ba3441f024e3c99cb1a0d24535bed7{\nheight:50px;\n}\n<\/style>\n<div  class='hr av-lfb9p014-f5ba3441f024e3c99cb1a0d24535bed7 hr-invisible  avia-builder-el-10  el_after_av_social_share  avia-builder-el-last '><span class='hr-inner '><span class=\"hr-inner-style\"><\/span><\/span><\/div>\n","protected":false},"excerpt":{"rendered":"","protected":false},"author":3,"featured_media":506,"comment_status":"closed","ping_status":"closed","sticky":false,"template":"","format":"standard","meta":{"footnotes":""},"categories":[25],"tags":[30,31,32,33,34],"class_list":["post-1543","post","type-post","status-publish","format-standard","has-post-thumbnail","hentry","category-interviste","tag-clienti","tag-intervista","tag-milano","tag-moscova","tag-parrucchiere"],"yoast_head":"<!-- This site is optimized with the Yoast SEO plugin v27.4 - https:\/\/yoast.com\/product\/yoast-seo-wordpress\/ -->\n<title>COLONNA Metropolitan Beauty Makers intervista le sue clienti: Vanessa - Colonna Metropolitan Beauty Makers<\/title>\n<meta name=\"robots\" content=\"index, follow, max-snippet:-1, max-image-preview:large, max-video-preview:-1\" \/>\n<link rel=\"canonical\" href=\"https:\/\/www.colonna-mbm.it\/en\/interviews\/column-metropolitan-beauty-makers-interviews-her-customers-vanessa\/\" \/>\n<meta property=\"og:locale\" content=\"en_GB\" \/>\n<meta property=\"og:type\" content=\"article\" \/>\n<meta property=\"og:title\" content=\"COLONNA Metropolitan Beauty Makers intervista le sue clienti: Vanessa - Colonna Metropolitan Beauty Makers\" \/>\n<meta property=\"og:url\" content=\"https:\/\/www.colonna-mbm.it\/en\/interviews\/column-metropolitan-beauty-makers-interviews-her-customers-vanessa\/\" \/>\n<meta property=\"og:site_name\" content=\"Colonna Metropolitan Beauty Makers\" \/>\n<meta property=\"article:publisher\" content=\"https:\/\/www.facebook.com\/COLONNAmbm\/\" \/>\n<meta property=\"article:published_time\" content=\"2022-03-31T07:11:29+00:00\" \/>\n<meta property=\"article:modified_time\" content=\"2026-04-24T14:53:15+00:00\" \/>\n<meta property=\"og:image\" content=\"https:\/\/www.colonna-mbm.it\/wp-content\/uploads\/2023\/03\/intervista_coppi_vanessa21.jpg\" \/>\n\t<meta property=\"og:image:width\" content=\"2016\" \/>\n\t<meta property=\"og:image:height\" content=\"1512\" \/>\n\t<meta property=\"og:image:type\" content=\"image\/jpeg\" \/>\n<meta name=\"author\" content=\"Colonna Metropolitan Beauty Makers\" \/>\n<meta name=\"twitter:card\" content=\"summary_large_image\" \/>\n<meta name=\"twitter:label1\" content=\"Written by\" \/>\n\t<meta name=\"twitter:data1\" content=\"Colonna Metropolitan Beauty Makers\" \/>\n\t<meta name=\"twitter:label2\" content=\"Estimated reading time\" \/>\n\t<meta name=\"twitter:data2\" content=\"5 minutes\" \/>\n<script type=\"application\/ld+json\" class=\"yoast-schema-graph\">{\"@context\":\"https:\\\/\\\/schema.org\",\"@graph\":[{\"@type\":\"Article\",\"@id\":\"https:\\\/\\\/www.colonna-mbm.it\\\/interviste\\\/colonna-metropolitan-beauty-makers-intervista-le-sue-clienti-vanessa\\\/#article\",\"isPartOf\":{\"@id\":\"https:\\\/\\\/www.colonna-mbm.it\\\/interviste\\\/colonna-metropolitan-beauty-makers-intervista-le-sue-clienti-vanessa\\\/\"},\"author\":{\"name\":\"Colonna Metropolitan Beauty Makers\",\"@id\":\"https:\\\/\\\/www.colonna-mbm.it\\\/#\\\/schema\\\/person\\\/ddff3ca79cb5fb75f1c520c7e5c0fabb\"},\"headline\":\"COLONNA Metropolitan Beauty Makers intervista le sue clienti: Vanessa\",\"datePublished\":\"2022-03-31T07:11:29+00:00\",\"dateModified\":\"2026-04-24T14:53:15+00:00\",\"mainEntityOfPage\":{\"@id\":\"https:\\\/\\\/www.colonna-mbm.it\\\/interviste\\\/colonna-metropolitan-beauty-makers-intervista-le-sue-clienti-vanessa\\\/\"},\"wordCount\":1592,\"publisher\":{\"@id\":\"https:\\\/\\\/www.colonna-mbm.it\\\/#organization\"},\"image\":{\"@id\":\"https:\\\/\\\/www.colonna-mbm.it\\\/interviste\\\/colonna-metropolitan-beauty-makers-intervista-le-sue-clienti-vanessa\\\/#primaryimage\"},\"thumbnailUrl\":\"https:\\\/\\\/i0.wp.com\\\/www.colonna-mbm.it\\\/wp-content\\\/uploads\\\/2023\\\/03\\\/intervista_coppi_vanessa21.jpg?fit=2016%2C1512&ssl=1\",\"keywords\":[\"clienti\",\"intervista\",\"milano\",\"moscova\",\"parrucchiere\"],\"articleSection\":[\"Interviste\"],\"inLanguage\":\"en-GB\"},{\"@type\":\"WebPage\",\"@id\":\"https:\\\/\\\/www.colonna-mbm.it\\\/interviste\\\/colonna-metropolitan-beauty-makers-intervista-le-sue-clienti-vanessa\\\/\",\"url\":\"https:\\\/\\\/www.colonna-mbm.it\\\/interviste\\\/colonna-metropolitan-beauty-makers-intervista-le-sue-clienti-vanessa\\\/\",\"name\":\"COLONNA Metropolitan Beauty Makers intervista le sue clienti: Vanessa - Colonna Metropolitan Beauty Makers\",\"isPartOf\":{\"@id\":\"https:\\\/\\\/www.colonna-mbm.it\\\/#website\"},\"primaryImageOfPage\":{\"@id\":\"https:\\\/\\\/www.colonna-mbm.it\\\/interviste\\\/colonna-metropolitan-beauty-makers-intervista-le-sue-clienti-vanessa\\\/#primaryimage\"},\"image\":{\"@id\":\"https:\\\/\\\/www.colonna-mbm.it\\\/interviste\\\/colonna-metropolitan-beauty-makers-intervista-le-sue-clienti-vanessa\\\/#primaryimage\"},\"thumbnailUrl\":\"https:\\\/\\\/i0.wp.com\\\/www.colonna-mbm.it\\\/wp-content\\\/uploads\\\/2023\\\/03\\\/intervista_coppi_vanessa21.jpg?fit=2016%2C1512&ssl=1\",\"datePublished\":\"2022-03-31T07:11:29+00:00\",\"dateModified\":\"2026-04-24T14:53:15+00:00\",\"breadcrumb\":{\"@id\":\"https:\\\/\\\/www.colonna-mbm.it\\\/interviste\\\/colonna-metropolitan-beauty-makers-intervista-le-sue-clienti-vanessa\\\/#breadcrumb\"},\"inLanguage\":\"en-GB\",\"potentialAction\":[{\"@type\":\"ReadAction\",\"target\":[\"https:\\\/\\\/www.colonna-mbm.it\\\/interviste\\\/colonna-metropolitan-beauty-makers-intervista-le-sue-clienti-vanessa\\\/\"]}]},{\"@type\":\"ImageObject\",\"inLanguage\":\"en-GB\",\"@id\":\"https:\\\/\\\/www.colonna-mbm.it\\\/interviste\\\/colonna-metropolitan-beauty-makers-intervista-le-sue-clienti-vanessa\\\/#primaryimage\",\"url\":\"https:\\\/\\\/i0.wp.com\\\/www.colonna-mbm.it\\\/wp-content\\\/uploads\\\/2023\\\/03\\\/intervista_coppi_vanessa21.jpg?fit=2016%2C1512&ssl=1\",\"contentUrl\":\"https:\\\/\\\/i0.wp.com\\\/www.colonna-mbm.it\\\/wp-content\\\/uploads\\\/2023\\\/03\\\/intervista_coppi_vanessa21.jpg?fit=2016%2C1512&ssl=1\",\"width\":2016,\"height\":1512,\"caption\":\"Hair News - COLONNA Metropolitan Beauty Makers Salone Parrucchiere Milano Centro Moscova\"},{\"@type\":\"BreadcrumbList\",\"@id\":\"https:\\\/\\\/www.colonna-mbm.it\\\/interviste\\\/colonna-metropolitan-beauty-makers-intervista-le-sue-clienti-vanessa\\\/#breadcrumb\",\"itemListElement\":[{\"@type\":\"ListItem\",\"position\":1,\"name\":\"Home\",\"item\":\"https:\\\/\\\/www.colonna-mbm.it\\\/\"},{\"@type\":\"ListItem\",\"position\":2,\"name\":\"COLONNA Metropolitan Beauty Makers intervista le sue clienti: Vanessa\"}]},{\"@type\":\"WebSite\",\"@id\":\"https:\\\/\\\/www.colonna-mbm.it\\\/#website\",\"url\":\"https:\\\/\\\/www.colonna-mbm.it\\\/\",\"name\":\"Colonna Metropolitan beauty Makers\",\"description\":\"Parrucchiere Milano centro\",\"publisher\":{\"@id\":\"https:\\\/\\\/www.colonna-mbm.it\\\/#organization\"},\"potentialAction\":[{\"@type\":\"SearchAction\",\"target\":{\"@type\":\"EntryPoint\",\"urlTemplate\":\"https:\\\/\\\/www.colonna-mbm.it\\\/?s={search_term_string}\"},\"query-input\":{\"@type\":\"PropertyValueSpecification\",\"valueRequired\":true,\"valueName\":\"search_term_string\"}}],\"inLanguage\":\"en-GB\"},{\"@type\":\"Organization\",\"@id\":\"https:\\\/\\\/www.colonna-mbm.it\\\/#organization\",\"name\":\"Colonna Metropolitan Beauty Makers\",\"url\":\"https:\\\/\\\/www.colonna-mbm.it\\\/\",\"logo\":{\"@type\":\"ImageObject\",\"inLanguage\":\"en-GB\",\"@id\":\"https:\\\/\\\/www.colonna-mbm.it\\\/#\\\/schema\\\/logo\\\/image\\\/\",\"url\":\"https:\\\/\\\/www.colonna-mbm.it\\\/wp-content\\\/uploads\\\/2023\\\/03\\\/Logo-bucato-Ok.png\",\"contentUrl\":\"https:\\\/\\\/www.colonna-mbm.it\\\/wp-content\\\/uploads\\\/2023\\\/03\\\/Logo-bucato-Ok.png\",\"width\":710,\"height\":230,\"caption\":\"Colonna Metropolitan Beauty Makers\"},\"image\":{\"@id\":\"https:\\\/\\\/www.colonna-mbm.it\\\/#\\\/schema\\\/logo\\\/image\\\/\"},\"sameAs\":[\"https:\\\/\\\/www.facebook.com\\\/COLONNAmbm\\\/\",\"https:\\\/\\\/www.instagram.com\\\/colonna_mbm\\\/\"]},{\"@type\":\"Person\",\"@id\":\"https:\\\/\\\/www.colonna-mbm.it\\\/#\\\/schema\\\/person\\\/ddff3ca79cb5fb75f1c520c7e5c0fabb\",\"name\":\"Colonna Metropolitan Beauty Makers\",\"image\":{\"@type\":\"ImageObject\",\"inLanguage\":\"en-GB\",\"@id\":\"https:\\\/\\\/secure.gravatar.com\\\/avatar\\\/1c0c5ac1aaf3a4b1851031b2a3d83f235364ce683b1b4ebe72e69637bd2d602c?s=96&d=mm&r=g\",\"url\":\"https:\\\/\\\/secure.gravatar.com\\\/avatar\\\/1c0c5ac1aaf3a4b1851031b2a3d83f235364ce683b1b4ebe72e69637bd2d602c?s=96&d=mm&r=g\",\"contentUrl\":\"https:\\\/\\\/secure.gravatar.com\\\/avatar\\\/1c0c5ac1aaf3a4b1851031b2a3d83f235364ce683b1b4ebe72e69637bd2d602c?s=96&d=mm&r=g\",\"caption\":\"Colonna Metropolitan Beauty Makers\"},\"url\":\"https:\\\/\\\/www.colonna-mbm.it\\\/en\\\/author\\\/colonna-metropolitan-beauty-makers\\\/\"}]}<\/script>\n<!-- \/ Yoast SEO plugin. -->","yoast_head_json":{"title":"COLONNA Metropolitan Beauty Makers interviews its customers: Vanessa - Colonna Metropolitan Beauty Makers","robots":{"index":"index","follow":"follow","max-snippet":"max-snippet:-1","max-image-preview":"max-image-preview:large","max-video-preview":"max-video-preview:-1"},"canonical":"https:\/\/www.colonna-mbm.it\/en\/interviews\/column-metropolitan-beauty-makers-interviews-her-customers-vanessa\/","og_locale":"en_GB","og_type":"article","og_title":"COLONNA Metropolitan Beauty Makers intervista le sue clienti: Vanessa - Colonna Metropolitan Beauty Makers","og_url":"https:\/\/www.colonna-mbm.it\/en\/interviews\/column-metropolitan-beauty-makers-interviews-her-customers-vanessa\/","og_site_name":"Colonna Metropolitan Beauty Makers","article_publisher":"https:\/\/www.facebook.com\/COLONNAmbm\/","article_published_time":"2022-03-31T07:11:29+00:00","article_modified_time":"2026-04-24T14:53:15+00:00","og_image":[{"width":2016,"height":1512,"url":"https:\/\/www.colonna-mbm.it\/wp-content\/uploads\/2023\/03\/intervista_coppi_vanessa21.jpg","type":"image\/jpeg"}],"author":"Colonna Metropolitan Beauty Makers","twitter_card":"summary_large_image","twitter_misc":{"Written by":"Colonna Metropolitan Beauty Makers","Estimated reading time":"5 minutes"},"schema":{"@context":"https:\/\/schema.org","@graph":[{"@type":"Article","@id":"https:\/\/www.colonna-mbm.it\/interviste\/colonna-metropolitan-beauty-makers-intervista-le-sue-clienti-vanessa\/#article","isPartOf":{"@id":"https:\/\/www.colonna-mbm.it\/interviste\/colonna-metropolitan-beauty-makers-intervista-le-sue-clienti-vanessa\/"},"author":{"name":"Colonna Metropolitan Beauty Makers","@id":"https:\/\/www.colonna-mbm.it\/#\/schema\/person\/ddff3ca79cb5fb75f1c520c7e5c0fabb"},"headline":"COLONNA Metropolitan Beauty Makers intervista le sue clienti: Vanessa","datePublished":"2022-03-31T07:11:29+00:00","dateModified":"2026-04-24T14:53:15+00:00","mainEntityOfPage":{"@id":"https:\/\/www.colonna-mbm.it\/interviste\/colonna-metropolitan-beauty-makers-intervista-le-sue-clienti-vanessa\/"},"wordCount":1592,"publisher":{"@id":"https:\/\/www.colonna-mbm.it\/#organization"},"image":{"@id":"https:\/\/www.colonna-mbm.it\/interviste\/colonna-metropolitan-beauty-makers-intervista-le-sue-clienti-vanessa\/#primaryimage"},"thumbnailUrl":"https:\/\/i0.wp.com\/www.colonna-mbm.it\/wp-content\/uploads\/2023\/03\/intervista_coppi_vanessa21.jpg?fit=2016%2C1512&ssl=1","keywords":["clienti","intervista","milano","moscova","parrucchiere"],"articleSection":["Interviste"],"inLanguage":"en-GB"},{"@type":"WebPage","@id":"https:\/\/www.colonna-mbm.it\/interviste\/colonna-metropolitan-beauty-makers-intervista-le-sue-clienti-vanessa\/","url":"https:\/\/www.colonna-mbm.it\/interviste\/colonna-metropolitan-beauty-makers-intervista-le-sue-clienti-vanessa\/","name":"COLONNA Metropolitan Beauty Makers interviews its customers: Vanessa - Colonna Metropolitan Beauty Makers","isPartOf":{"@id":"https:\/\/www.colonna-mbm.it\/#website"},"primaryImageOfPage":{"@id":"https:\/\/www.colonna-mbm.it\/interviste\/colonna-metropolitan-beauty-makers-intervista-le-sue-clienti-vanessa\/#primaryimage"},"image":{"@id":"https:\/\/www.colonna-mbm.it\/interviste\/colonna-metropolitan-beauty-makers-intervista-le-sue-clienti-vanessa\/#primaryimage"},"thumbnailUrl":"https:\/\/i0.wp.com\/www.colonna-mbm.it\/wp-content\/uploads\/2023\/03\/intervista_coppi_vanessa21.jpg?fit=2016%2C1512&ssl=1","datePublished":"2022-03-31T07:11:29+00:00","dateModified":"2026-04-24T14:53:15+00:00","breadcrumb":{"@id":"https:\/\/www.colonna-mbm.it\/interviste\/colonna-metropolitan-beauty-makers-intervista-le-sue-clienti-vanessa\/#breadcrumb"},"inLanguage":"en-GB","potentialAction":[{"@type":"ReadAction","target":["https:\/\/www.colonna-mbm.it\/interviste\/colonna-metropolitan-beauty-makers-intervista-le-sue-clienti-vanessa\/"]}]},{"@type":"ImageObject","inLanguage":"en-GB","@id":"https:\/\/www.colonna-mbm.it\/interviste\/colonna-metropolitan-beauty-makers-intervista-le-sue-clienti-vanessa\/#primaryimage","url":"https:\/\/i0.wp.com\/www.colonna-mbm.it\/wp-content\/uploads\/2023\/03\/intervista_coppi_vanessa21.jpg?fit=2016%2C1512&ssl=1","contentUrl":"https:\/\/i0.wp.com\/www.colonna-mbm.it\/wp-content\/uploads\/2023\/03\/intervista_coppi_vanessa21.jpg?fit=2016%2C1512&ssl=1","width":2016,"height":1512,"caption":"Hair News - COLONNA Metropolitan Beauty Makers Salone Parrucchiere Milano Centro Moscova"},{"@type":"BreadcrumbList","@id":"https:\/\/www.colonna-mbm.it\/interviste\/colonna-metropolitan-beauty-makers-intervista-le-sue-clienti-vanessa\/#breadcrumb","itemListElement":[{"@type":"ListItem","position":1,"name":"Home","item":"https:\/\/www.colonna-mbm.it\/"},{"@type":"ListItem","position":2,"name":"COLONNA Metropolitan Beauty Makers intervista le sue clienti: Vanessa"}]},{"@type":"WebSite","@id":"https:\/\/www.colonna-mbm.it\/#website","url":"https:\/\/www.colonna-mbm.it\/","name":"Column Metropolitan beauty Makers","description":"Hairdresser Milan centre","publisher":{"@id":"https:\/\/www.colonna-mbm.it\/#organization"},"potentialAction":[{"@type":"SearchAction","target":{"@type":"EntryPoint","urlTemplate":"https:\/\/www.colonna-mbm.it\/?s={search_term_string}"},"query-input":{"@type":"PropertyValueSpecification","valueRequired":true,"valueName":"search_term_string"}}],"inLanguage":"en-GB"},{"@type":"Organization","@id":"https:\/\/www.colonna-mbm.it\/#organization","name":"Metropolitan Beauty Makers Column","url":"https:\/\/www.colonna-mbm.it\/","logo":{"@type":"ImageObject","inLanguage":"en-GB","@id":"https:\/\/www.colonna-mbm.it\/#\/schema\/logo\/image\/","url":"https:\/\/www.colonna-mbm.it\/wp-content\/uploads\/2023\/03\/Logo-bucato-Ok.png","contentUrl":"https:\/\/www.colonna-mbm.it\/wp-content\/uploads\/2023\/03\/Logo-bucato-Ok.png","width":710,"height":230,"caption":"Colonna Metropolitan Beauty Makers"},"image":{"@id":"https:\/\/www.colonna-mbm.it\/#\/schema\/logo\/image\/"},"sameAs":["https:\/\/www.facebook.com\/COLONNAmbm\/","https:\/\/www.instagram.com\/colonna_mbm\/"]},{"@type":"Person","@id":"https:\/\/www.colonna-mbm.it\/#\/schema\/person\/ddff3ca79cb5fb75f1c520c7e5c0fabb","name":"Metropolitan Beauty Makers Column","image":{"@type":"ImageObject","inLanguage":"en-GB","@id":"https:\/\/secure.gravatar.com\/avatar\/1c0c5ac1aaf3a4b1851031b2a3d83f235364ce683b1b4ebe72e69637bd2d602c?s=96&d=mm&r=g","url":"https:\/\/secure.gravatar.com\/avatar\/1c0c5ac1aaf3a4b1851031b2a3d83f235364ce683b1b4ebe72e69637bd2d602c?s=96&d=mm&r=g","contentUrl":"https:\/\/secure.gravatar.com\/avatar\/1c0c5ac1aaf3a4b1851031b2a3d83f235364ce683b1b4ebe72e69637bd2d602c?s=96&d=mm&r=g","caption":"Colonna Metropolitan Beauty Makers"},"url":"https:\/\/www.colonna-mbm.it\/en\/author\/colonna-metropolitan-beauty-makers\/"}]}},"_links":{"self":[{"href":"https:\/\/www.colonna-mbm.it\/en\/wp-json\/wp\/v2\/posts\/1543","targetHints":{"allow":["GET"]}}],"collection":[{"href":"https:\/\/www.colonna-mbm.it\/en\/wp-json\/wp\/v2\/posts"}],"about":[{"href":"https:\/\/www.colonna-mbm.it\/en\/wp-json\/wp\/v2\/types\/post"}],"author":[{"embeddable":true,"href":"https:\/\/www.colonna-mbm.it\/en\/wp-json\/wp\/v2\/users\/3"}],"replies":[{"embeddable":true,"href":"https:\/\/www.colonna-mbm.it\/en\/wp-json\/wp\/v2\/comments?post=1543"}],"version-history":[{"count":5,"href":"https:\/\/www.colonna-mbm.it\/en\/wp-json\/wp\/v2\/posts\/1543\/revisions"}],"predecessor-version":[{"id":6035,"href":"https:\/\/www.colonna-mbm.it\/en\/wp-json\/wp\/v2\/posts\/1543\/revisions\/6035"}],"wp:featuredmedia":[{"embeddable":true,"href":"https:\/\/www.colonna-mbm.it\/en\/wp-json\/wp\/v2\/media\/506"}],"wp:attachment":[{"href":"https:\/\/www.colonna-mbm.it\/en\/wp-json\/wp\/v2\/media?parent=1543"}],"wp:term":[{"taxonomy":"category","embeddable":true,"href":"https:\/\/www.colonna-mbm.it\/en\/wp-json\/wp\/v2\/categories?post=1543"},{"taxonomy":"post_tag","embeddable":true,"href":"https:\/\/www.colonna-mbm.it\/en\/wp-json\/wp\/v2\/tags?post=1543"}],"curies":[{"name":"wp","href":"https:\/\/api.w.org\/{rel}","templated":true}]}}